{"id":195,"date":"2026-02-06T14:21:49","date_gmt":"2026-02-06T13:21:49","guid":{"rendered":"https:\/\/www.min-cancerresa.com\/?p=195"},"modified":"2026-04-21T17:34:40","modified_gmt":"2026-04-21T15:34:40","slug":"resume-klinik-besok-5-februari","status":"publish","type":"post","link":"https:\/\/www.min-cancerresa.com\/?p=195","title":{"rendered":"resume Klinik bes\u00f6k 5 februari"},"content":{"rendered":"\n<p class=\"has-medium-font-size\">Hej den 5 februari var jag till klinik f\u00f6r provtagning och behandling h\u00e4r under ni lite fakta om min behandling. .<\/p>\n\n\n\n<ul class=\"wp-block-list\">\n<li class=\"has-medium-font-size\"><strong>Behadling med<\/strong><\/li>\n\n\n\n<li class=\"has-medium-font-size\"><strong>Daratumumab, 15Mg<\/strong><\/li>\n\n\n\n<li class=\"has-medium-font-size\"><strong>Bortezomib 2800Ml<\/strong><\/li>\n\n\n\n<li class=\"has-medium-font-size\"><strong>Pomalidomid cykel \/tabelltform )<\/strong><\/li>\n<\/ul>\n\n\n\n<p class=\"has-medium-font-size\"><strong>Feberfri<\/strong><\/p>\n\n\n\n<p class=\"has-medium-font-size\">Jag &nbsp;med rullator p\u00e5 morgonen, och krycka resten av dagen sm\u00e4rta b\u00f6rja blir b\u00e4ttre f\u00f6r varje dag. K\u00e4nns sk\u00f6nt. Och har Uppger god s\u00f6mn<\/p>\n\n\n\n<p class=\"has-medium-font-size\">QD008-\u00d6vervakning av vitala tecken-\u00c5tg\u00e4rd<\/p>\n\n\n\n<p class=\"has-medium-font-size\">Vitala parametrar: Innefattar m\u00e4tning av blodtryck, puls, syres\u00e4ttning (saturation), andningsfrekvens, temperatur och medvetandegrad<\/p>\n\n\n\n<p class=\"has-medium-font-size\">\u2022&nbsp;&nbsp;&nbsp;&nbsp;&nbsp;&nbsp;&nbsp;&nbsp;&nbsp;&nbsp;&nbsp;&nbsp;&nbsp;&nbsp;&nbsp;&nbsp;&nbsp;&nbsp;&nbsp; Definition: UNS st\u00e5r f\u00f6r Utan N\u00e4rmare Specifikation, vilket inneb\u00e4r att det \u00e4r en ospecificerad provtagnings\u00e5tg\u00e4rd.<\/p>\n\n\n\n<p class=\"has-medium-font-size\">\u2022&nbsp;&nbsp;&nbsp;&nbsp;&nbsp;&nbsp;&nbsp;&nbsp;&nbsp;&nbsp;&nbsp;&nbsp;&nbsp;&nbsp;&nbsp;&nbsp;&nbsp;&nbsp;&nbsp; Anv\u00e4ndning: Kan anv\u00e4ndas i prim\u00e4rv\u00e5rden och specialiserad v\u00e5rd f\u00f6r statistisk uppf\u00f6ljning.<\/p>\n\n\n\n<p class=\"has-medium-font-size\">Context: Registreras ofta av sjuksk\u00f6terskor och distriktssk\u00f6terskor i samband med olika medicinska \u00e5tg\u00e4rder<\/p>\n\n\n\n<p><\/p>\n","protected":false},"excerpt":{"rendered":"<p>Hej den 5 februari var jag till klinik f\u00f6r provtagning och behandling h\u00e4r under ni lite fakta om min behandling. . Feberfri Jag &nbsp;med rullator p\u00e5 morgonen, och krycka resten av dagen sm\u00e4rta b\u00f6rja blir b\u00e4ttre f\u00f6r varje dag. K\u00e4nns &hellip; <a href=\"https:\/\/www.min-cancerresa.com\/?p=195\">Forts\u00e4tt l\u00e4sa <span class=\"meta-nav\">&rarr;<\/span><\/a><\/p>\n","protected":false},"author":1,"featured_media":0,"comment_status":"open","ping_status":"closed","sticky":false,"template":"","format":"standard","meta":{"ngg_post_thumbnail":0,"_jetpack_memberships_contains_paid_content":false,"footnotes":""},"categories":[3],"tags":[16,17,11,20,13,18,14,48,46,19],"class_list":["post-195","post","type-post","status-publish","format-standard","hentry","category-behadling","tag-angest","tag-behandling","tag-cancer","tag-cancerkompisar","tag-cancersjuk","tag-cellgifter","tag-fuckcancer","tag-multipeltmyelom","tag-myelom","tag-sjukhus"],"jetpack_featured_media_url":"","jetpack_sharing_enabled":true,"_links":{"self":[{"href":"https:\/\/www.min-cancerresa.com\/index.php?rest_route=\/wp\/v2\/posts\/195","targetHints":{"allow":["GET"]}}],"collection":[{"href":"https:\/\/www.min-cancerresa.com\/index.php?rest_route=\/wp\/v2\/posts"}],"about":[{"href":"https:\/\/www.min-cancerresa.com\/index.php?rest_route=\/wp\/v2\/types\/post"}],"author":[{"embeddable":true,"href":"https:\/\/www.min-cancerresa.com\/index.php?rest_route=\/wp\/v2\/users\/1"}],"replies":[{"embeddable":true,"href":"https:\/\/www.min-cancerresa.com\/index.php?rest_route=%2Fwp%2Fv2%2Fcomments&post=195"}],"version-history":[{"count":3,"href":"https:\/\/www.min-cancerresa.com\/index.php?rest_route=\/wp\/v2\/posts\/195\/revisions"}],"predecessor-version":[{"id":199,"href":"https:\/\/www.min-cancerresa.com\/index.php?rest_route=\/wp\/v2\/posts\/195\/revisions\/199"}],"wp:attachment":[{"href":"https:\/\/www.min-cancerresa.com\/index.php?rest_route=%2Fwp%2Fv2%2Fmedia&parent=195"}],"wp:term":[{"taxonomy":"category","embeddable":true,"href":"https:\/\/www.min-cancerresa.com\/index.php?rest_route=%2Fwp%2Fv2%2Fcategories&post=195"},{"taxonomy":"post_tag","embeddable":true,"href":"https:\/\/www.min-cancerresa.com\/index.php?rest_route=%2Fwp%2Fv2%2Ftags&post=195"}],"curies":[{"name":"wp","href":"https:\/\/api.w.org\/{rel}","templated":true}]}}