{"id":450,"date":"2026-04-27T18:28:23","date_gmt":"2026-04-27T16:28:23","guid":{"rendered":"https:\/\/www.min-cancerresa.com\/?p=450"},"modified":"2026-04-29T21:24:25","modified_gmt":"2026-04-29T19:24:25","slug":"stamceller-skord","status":"publish","type":"post","link":"https:\/\/www.min-cancerresa.com\/?p=450","title":{"rendered":"Stamceller sk\u00f6rd"},"content":{"rendered":"\n<p class=\"has-medium-font-size\">\u00e4r i Uppsala f\u00f6r sk\u00f6rd stamceller det tagit prover och varit p\u00e5 lung r\u00f6ntgen och i morgon dags f\u00f6r sk\u00f6rd .jag m\u00e5 bra.<\/p>\n\n\n\n<figure class=\"wp-block-image size-large\"><img data-recalc-dims=\"1\" loading=\"lazy\" decoding=\"async\" width=\"584\" height=\"438\" src=\"https:\/\/i0.wp.com\/www.min-cancerresa.com\/wp-content\/uploads\/1000000100.jpg?resize=584%2C438&#038;ssl=1\" alt=\"\" class=\"wp-image-452\" srcset=\"https:\/\/i0.wp.com\/www.min-cancerresa.com\/wp-content\/uploads\/1000000100-scaled.jpg?resize=1024%2C768&amp;ssl=1 1024w, https:\/\/i0.wp.com\/www.min-cancerresa.com\/wp-content\/uploads\/1000000100-scaled.jpg?resize=300%2C225&amp;ssl=1 300w, https:\/\/i0.wp.com\/www.min-cancerresa.com\/wp-content\/uploads\/1000000100-scaled.jpg?resize=150%2C113&amp;ssl=1 150w, https:\/\/i0.wp.com\/www.min-cancerresa.com\/wp-content\/uploads\/1000000100-scaled.jpg?resize=768%2C576&amp;ssl=1 768w, https:\/\/i0.wp.com\/www.min-cancerresa.com\/wp-content\/uploads\/1000000100-scaled.jpg?resize=1536%2C1152&amp;ssl=1 1536w, https:\/\/i0.wp.com\/www.min-cancerresa.com\/wp-content\/uploads\/1000000100-scaled.jpg?resize=2048%2C1536&amp;ssl=1 2048w, https:\/\/i0.wp.com\/www.min-cancerresa.com\/wp-content\/uploads\/1000000100-scaled.jpg?resize=400%2C300&amp;ssl=1 400w, https:\/\/i0.wp.com\/www.min-cancerresa.com\/wp-content\/uploads\/1000000100-scaled.jpg?resize=1320%2C990&amp;ssl=1 1320w, https:\/\/i0.wp.com\/www.min-cancerresa.com\/wp-content\/uploads\/1000000100-scaled.jpg?w=1168&amp;ssl=1 1168w, https:\/\/i0.wp.com\/www.min-cancerresa.com\/wp-content\/uploads\/1000000100-scaled.jpg?w=1752&amp;ssl=1 1752w\" sizes=\"auto, (max-width: 584px) 100vw, 584px\" \/><\/figure>\n","protected":false},"excerpt":{"rendered":"<p>\u00e4r i Uppsala f\u00f6r sk\u00f6rd stamceller det tagit prover och varit p\u00e5 lung r\u00f6ntgen och i morgon dags f\u00f6r sk\u00f6rd .jag m\u00e5 bra.<\/p>\n","protected":false},"author":1,"featured_media":0,"comment_status":"open","ping_status":"closed","sticky":false,"template":"","format":"standard","meta":{"ngg_post_thumbnail":0,"_jetpack_memberships_contains_paid_content":false,"footnotes":""},"categories":[10],"tags":[16,17,11,20,13,14,48,46,19,50,49],"class_list":["post-450","post","type-post","status-publish","format-standard","hentry","category-sct","tag-angest","tag-behandling","tag-cancer","tag-cancerkompisar","tag-cancersjuk","tag-fuckcancer","tag-multipeltmyelom","tag-myelom","tag-sjukhus","tag-stamcellsskord","tag-stamcellstransplantation"],"jetpack_featured_media_url":"","jetpack_sharing_enabled":true,"_links":{"self":[{"href":"https:\/\/www.min-cancerresa.com\/index.php?rest_route=\/wp\/v2\/posts\/450","targetHints":{"allow":["GET"]}}],"collection":[{"href":"https:\/\/www.min-cancerresa.com\/index.php?rest_route=\/wp\/v2\/posts"}],"about":[{"href":"https:\/\/www.min-cancerresa.com\/index.php?rest_route=\/wp\/v2\/types\/post"}],"author":[{"embeddable":true,"href":"https:\/\/www.min-cancerresa.com\/index.php?rest_route=\/wp\/v2\/users\/1"}],"replies":[{"embeddable":true,"href":"https:\/\/www.min-cancerresa.com\/index.php?rest_route=%2Fwp%2Fv2%2Fcomments&post=450"}],"version-history":[{"count":1,"href":"https:\/\/www.min-cancerresa.com\/index.php?rest_route=\/wp\/v2\/posts\/450\/revisions"}],"predecessor-version":[{"id":453,"href":"https:\/\/www.min-cancerresa.com\/index.php?rest_route=\/wp\/v2\/posts\/450\/revisions\/453"}],"wp:attachment":[{"href":"https:\/\/www.min-cancerresa.com\/index.php?rest_route=%2Fwp%2Fv2%2Fmedia&parent=450"}],"wp:term":[{"taxonomy":"category","embeddable":true,"href":"https:\/\/www.min-cancerresa.com\/index.php?rest_route=%2Fwp%2Fv2%2Fcategories&post=450"},{"taxonomy":"post_tag","embeddable":true,"href":"https:\/\/www.min-cancerresa.com\/index.php?rest_route=%2Fwp%2Fv2%2Ftags&post=450"}],"curies":[{"name":"wp","href":"https:\/\/api.w.org\/{rel}","templated":true}]}}